{"id":9907,"date":"2023-11-27T09:36:11","date_gmt":"2023-11-27T12:36:11","guid":{"rendered":"https:\/\/diariorepublica.com.ar\/web\/?p=9907"},"modified":"2023-11-27T09:36:13","modified_gmt":"2023-11-27T12:36:13","slug":"ex-funcionaria-de-educacion-debera-devolver-mas-de-22-millones-de-pesos","status":"publish","type":"post","link":"https:\/\/diariorepublica.com.ar\/web\/index.php\/politica\/2023\/11\/27\/ex-funcionaria-de-educacion-debera-devolver-mas-de-22-millones-de-pesos\/","title":{"rendered":"Ex funcionaria de Educaci\u00f3n deber\u00e1 devolver mas de 22 millones de pesos"},"content":{"rendered":"<p>El Tribunal de Cuentas emiti\u00f3 una acordada por unanimidad por la que condena a la actual concejal de Fray Mamerto Esqui\u00fa, Belkys Vera, a reintegrar a la Hacienda p\u00fablica la suma de $22.130.373. La causa est\u00e1 vinculada a la administraci\u00f3n irregular de fondos nacionales para la educaci\u00f3n t\u00e9cnica en el a\u00f1o 2017. En aquel momento, Vera se desempe\u00f1aba en la Direcci\u00f3n Provincial de Administraci\u00f3n del Ministerio de Educaci\u00f3n que estaba a cargo de Daniel Guti\u00e9rrez. En julio de ese a\u00f1o hab\u00eda asumido como jefa de gabinete de ese Ministerio.<\/p>\n<p>Hace unos meses, las autoridades del Tribunal de Cuentas, Jorge Moreno, V\u00edctor Villarroel y Sebasti\u00e1n V\u00e9liz emitieron la acordada. El expediente se inici\u00f3 por el juicio de cuentas a los responsables de la entonces Direcci\u00f3n Provincial de Administraci\u00f3n por observaciones formuladas a la rendici\u00f3n de cuentas que correspond\u00eda a los fondos nacionales que se enviaban a la provincia para la educaci\u00f3n t\u00e9cnica.<\/p>\n<p>La condena encuentra sus fundamentos en la resoluci\u00f3n, ya que se establece que del an\u00e1lisis de la conciliaci\u00f3n bancaria de la Cuenta Corriente \u201cse observa la existencia de salidas de fondos (cheques y transferencias) registradas por el Banco en los extractos bancarios y no en el libro Banco, lo que conlleva una diferencia entre el saldo real y el te\u00f3rico\u201d, es decir, el saldo real de la cuenta no coincide con lo que deber\u00eda ser la rendici\u00f3n. \u201cPor estas omisiones y\/o ausencia de registraci\u00f3n y adicionalmente falta de documentaci\u00f3n se formula reparo a tal efecto por $22.130.373.<\/p>\n","protected":false},"excerpt":{"rendered":"<p>El Tribunal de Cuentas emiti\u00f3 una acordada por unanimidad por la que condena a la actual concejal de Fray Mamerto<\/p>\n","protected":false},"author":2,"featured_media":9908,"comment_status":"closed","ping_status":"closed","sticky":false,"template":"","format":"standard","meta":{"footnotes":"","jetpack_publicize_message":"","jetpack_publicize_feature_enabled":true,"jetpack_social_post_already_shared":true,"jetpack_social_options":{"image_generator_settings":{"template":"highway","enabled":false},"version":2}},"categories":[12],"tags":[],"class_list":["post-9907","post","type-post","status-publish","format-standard","has-post-thumbnail","hentry","category-politica"],"jetpack_publicize_connections":[],"_links":{"self":[{"href":"https:\/\/diariorepublica.com.ar\/web\/index.php\/wp-json\/wp\/v2\/posts\/9907"}],"collection":[{"href":"https:\/\/diariorepublica.com.ar\/web\/index.php\/wp-json\/wp\/v2\/posts"}],"about":[{"href":"https:\/\/diariorepublica.com.ar\/web\/index.php\/wp-json\/wp\/v2\/types\/post"}],"author":[{"embeddable":true,"href":"https:\/\/diariorepublica.com.ar\/web\/index.php\/wp-json\/wp\/v2\/users\/2"}],"replies":[{"embeddable":true,"href":"https:\/\/diariorepublica.com.ar\/web\/index.php\/wp-json\/wp\/v2\/comments?post=9907"}],"version-history":[{"count":1,"href":"https:\/\/diariorepublica.com.ar\/web\/index.php\/wp-json\/wp\/v2\/posts\/9907\/revisions"}],"predecessor-version":[{"id":9909,"href":"https:\/\/diariorepublica.com.ar\/web\/index.php\/wp-json\/wp\/v2\/posts\/9907\/revisions\/9909"}],"wp:featuredmedia":[{"embeddable":true,"href":"https:\/\/diariorepublica.com.ar\/web\/index.php\/wp-json\/wp\/v2\/media\/9908"}],"wp:attachment":[{"href":"https:\/\/diariorepublica.com.ar\/web\/index.php\/wp-json\/wp\/v2\/media?parent=9907"}],"wp:term":[{"taxonomy":"category","embeddable":true,"href":"https:\/\/diariorepublica.com.ar\/web\/index.php\/wp-json\/wp\/v2\/categories?post=9907"},{"taxonomy":"post_tag","embeddable":true,"href":"https:\/\/diariorepublica.com.ar\/web\/index.php\/wp-json\/wp\/v2\/tags?post=9907"}],"curies":[{"name":"wp","href":"https:\/\/api.w.org\/{rel}","templated":true}]}}