{"id":9954,"date":"2023-11-28T06:00:00","date_gmt":"2023-11-28T09:00:00","guid":{"rendered":"https:\/\/diariorepublica.com.ar\/web\/?p=9954"},"modified":"2023-11-28T07:33:54","modified_gmt":"2023-11-28T10:33:54","slug":"san-lorenzo-gano-clasifico-a-la-libertadores","status":"publish","type":"post","link":"https:\/\/diariorepublica.com.ar\/web\/index.php\/deportes\/2023\/11\/28\/san-lorenzo-gano-clasifico-a-la-libertadores\/","title":{"rendered":"San Lorenzo gan\u00f3, clasific\u00f3 a la Libertadores"},"content":{"rendered":"<article id=\"article-post\" class=\"first\">\n<div class=\"cuerpo\" data-twitter-link=\"https:\/\/twitter.com\/intent\/tweet?url=https:\/\/www.diariopopular.com.ar\/c757320&amp;via=poopulardiario&amp;related=Popular&amp;text=\">\n<p><strong>San Lorenzo derrot\u00f3 2-0 a Central C\u00f3rdoba de Santiago del Estero<\/strong>\u00a0en el estadio Pedro Bidegain, por la \u00faltima fecha de la Zona B de la\u00a0<strong>Copa de la Liga Profesional<\/strong>, y<strong>\u00a0clasific\u00f3 a la Copa Libertadores 2024<\/strong>. Jalil El\u00edas y Gast\u00f3n Hern\u00e1ndez convirtieron los goles del Cicl\u00f3n.<\/p>\n<\/div>\n<\/article>\n<article id=\"article-post\">\n<div class=\"cuerpo\" data-twitter-link=\"https:\/\/twitter.com\/intent\/tweet?url=https:\/\/www.diariopopular.com.ar\/c757320&amp;via=poopulardiario&amp;related=Popular&amp;text=\">\n<p><strong>Triunfo que vale mucho m\u00e1s que tres puntos para San Lorenzo.<\/strong>\u00a0Mucho m\u00e1s que cerrar con una alegr\u00eda un a\u00f1o con altibajos, pero en l\u00edneas generales destacable. Y ante su gente, que supo entender los contextos y acompa\u00f1ar.\u00a0<strong>Un triunfo que vale una clasificaci\u00f3n a la Copa Libertadores del a\u00f1o que viene, un merecido premio. Ahora, se vienen las elecciones.<\/strong><\/p>\n<p>Merecido porque con un plantel corto en cantidad y calidad, le compiti\u00f3 de igual a igual a River en la Liga Profesional, hasta que se le acab\u00f3 la nafta. Porque incluso as\u00ed logr\u00f3 sostener una triple competencia y avanzar en la Sudamericana, hasta toparse con el poderoso Sao Paulo. Y porque pele\u00f3 el t\u00edtulo en la Copa Argentina, pero Defensa lo elimin\u00f3 hace unos d\u00edas en semifinales.<\/p>\n<p>A\u00a0<strong>San Lorenzo<\/strong>\u00a0se le apag\u00f3 el motor en momentos claves, y por eso se priv\u00f3 de dar un salto de calidad competitivo. Pero es una realidad que, para lo que eran las expectativas iniciales, el Cicl\u00f3n las cumpli\u00f3 con creces, m\u00e1s all\u00e1 de que los resultados puestos con el diario del lunes puedan suponer que el equipo de Ins\u00faa estaba para algo m\u00e1s.<\/p>\n<div id=\"embed31_wrap\" class=\"embed_cont type_freetext\" contenteditable=\"false\">\n<div id=\"embed31_content\" class=\"embed_content\">\n<div id=\"embed31_embed\">\n<div class=\"video_container\"><iframe loading=\"lazy\" class=\"video_iframe\" src=\"https:\/\/www.youtube.com\/embed\/pq_-FhGka0c\" width=\"100%\" height=\"360\" frameborder=\"0\" scrolling=\"no\" data-gtm-yt-inspected-11=\"true\" data-mce-fragment=\"1\"><\/iframe><\/div>\n<\/div>\n<\/div>\n<div id=\"embed31_epigrafe\" class=\"embed_epigrafe\"><\/div>\n<div id=\"embed31_copyright\" class=\"embed_copyright\"><\/div>\n<\/div>\n<p>Una vez m\u00e1s, gan\u00f3 sin lucir ni brillar.\u00a0<strong>Una vez m\u00e1s, fue efectividad para golpear e inteligencia para mantener el resultado<\/strong>. Las intenciones estuvieron claras desde un principio: Central C\u00f3rdoba no quiso especular, a sabiendas de que llegaba con chances de meterse en los playoff, pero le falt\u00f3 agresividad y decisi\u00f3n cuando fue para adelante.<\/p>\n<p><strong>San Lorenzo<\/strong>, plant\u00e1ndose en campo rival pero sin necesidad de ser el due\u00f1o de la pelota. En ese escenario,<strong>\u00a0Hern\u00e1ndez tuvo la primera del local con un zurdazo que revent\u00f3 el travesa\u00f1o, y Valdez avis\u00f3 para el visitante<\/strong>, llegando al \u00e1rea por sorpresa para conectar un centro bajo de Meli, pero rematando desviado de frente al arco.<\/p>\n<p>Sobre el final del primer tiempo,\u00a0<strong>Jalil El\u00edas recibi\u00f3 en la puerta del \u00e1rea y de primera, pate\u00f3 abriendo el pie y la colg\u00f3 de un \u00e1ngulo.<\/strong>\u00a0Ya en el segundo tiempo,\u00a0<strong>Hern\u00e1ndez tuvo revancha y con un soberbio cabezazo conect\u00f3 un centro desde el c\u00f3rner y estir\u00f3 la diferencia<\/strong>. Sin grandes intervenciones, Batalla sostuvo el cero en su arco.<\/p>\n<p><strong>San Lorenzo gan\u00f3, no pudo acceder a los playoff de la Copa de la Liga pero se meti\u00f3 en el \u00faltimo suspiro en la Copa Libertadores 2024<\/strong>, al igual que hab\u00eda hecho el a\u00f1o pasado pero con la Sudamericana. De yapa, dej\u00f3 sin chanches de entrar a Boca. A resolver en el club: la continuidad de\u00a0<strong>Rub\u00e9n Dar\u00edo Ins\u00faa<\/strong>\u00a0y de varios futbolistas del plantel, titulares y suplentes. Pero antes, lo que ped\u00eda el pueblo azulgrana:\u00a0<strong>el 17 de diciembre ser\u00e1n las elecciones.<\/strong><\/p>\n<p><strong>Central C\u00f3rdoba<\/strong>\u00a0se qued\u00f3 en la puerta de los cuartos de final, pero hizo una buena campa\u00f1a y cumpli\u00f3 el objetivo: seguir\u00e1 un a\u00f1o m\u00e1s en Primera Divisi\u00f3n.<\/p>\n<\/div>\n<\/article>\n","protected":false},"excerpt":{"rendered":"<p>San Lorenzo derrot\u00f3 2-0 a Central C\u00f3rdoba de Santiago del Estero\u00a0en el estadio Pedro Bidegain, por la \u00faltima fecha de<\/p>\n","protected":false},"author":1,"featured_media":9955,"comment_status":"closed","ping_status":"closed","sticky":false,"template":"","format":"standard","meta":{"footnotes":"","jetpack_publicize_message":"","jetpack_publicize_feature_enabled":true,"jetpack_social_post_already_shared":true,"jetpack_social_options":{"image_generator_settings":{"template":"highway","enabled":false},"version":2}},"categories":[9],"tags":[],"class_list":["post-9954","post","type-post","status-publish","format-standard","has-post-thumbnail","hentry","category-deportes"],"jetpack_publicize_connections":[],"_links":{"self":[{"href":"https:\/\/diariorepublica.com.ar\/web\/index.php\/wp-json\/wp\/v2\/posts\/9954"}],"collection":[{"href":"https:\/\/diariorepublica.com.ar\/web\/index.php\/wp-json\/wp\/v2\/posts"}],"about":[{"href":"https:\/\/diariorepublica.com.ar\/web\/index.php\/wp-json\/wp\/v2\/types\/post"}],"author":[{"embeddable":true,"href":"https:\/\/diariorepublica.com.ar\/web\/index.php\/wp-json\/wp\/v2\/users\/1"}],"replies":[{"embeddable":true,"href":"https:\/\/diariorepublica.com.ar\/web\/index.php\/wp-json\/wp\/v2\/comments?post=9954"}],"version-history":[{"count":1,"href":"https:\/\/diariorepublica.com.ar\/web\/index.php\/wp-json\/wp\/v2\/posts\/9954\/revisions"}],"predecessor-version":[{"id":9956,"href":"https:\/\/diariorepublica.com.ar\/web\/index.php\/wp-json\/wp\/v2\/posts\/9954\/revisions\/9956"}],"wp:featuredmedia":[{"embeddable":true,"href":"https:\/\/diariorepublica.com.ar\/web\/index.php\/wp-json\/wp\/v2\/media\/9955"}],"wp:attachment":[{"href":"https:\/\/diariorepublica.com.ar\/web\/index.php\/wp-json\/wp\/v2\/media?parent=9954"}],"wp:term":[{"taxonomy":"category","embeddable":true,"href":"https:\/\/diariorepublica.com.ar\/web\/index.php\/wp-json\/wp\/v2\/categories?post=9954"},{"taxonomy":"post_tag","embeddable":true,"href":"https:\/\/diariorepublica.com.ar\/web\/index.php\/wp-json\/wp\/v2\/tags?post=9954"}],"curies":[{"name":"wp","href":"https:\/\/api.w.org\/{rel}","templated":true}]}}