{"id":9963,"date":"2023-11-28T09:42:33","date_gmt":"2023-11-28T12:42:33","guid":{"rendered":"https:\/\/diariorepublica.com.ar\/web\/?p=9963"},"modified":"2023-11-28T09:42:34","modified_gmt":"2023-11-28T12:42:34","slug":"se-capacitara-en-rcp-y-primeros-auxilios-a-prestadores-turisticos","status":"publish","type":"post","link":"https:\/\/diariorepublica.com.ar\/web\/index.php\/locales\/2023\/11\/28\/se-capacitara-en-rcp-y-primeros-auxilios-a-prestadores-turisticos\/","title":{"rendered":"Se capacitar\u00e1 en RCP y primeros auxilios a prestadores tur\u00edsticos"},"content":{"rendered":"<p>El Ministerio de Cultura, Turismo y Deporte realizar\u00e1 una capacitaci\u00f3n sobre primeros auxilios y reanimaci\u00f3n cardiopulmonar (RCP) para prestadores tur\u00edsticos, agentes del ministerio y aspirantes a gu\u00edas tur\u00edsticos.<\/p>\n<p>\u201cCatamarca, una aventura segura\u201d es el nombre de este curso que cuenta con el apoyo de la Vicegobernaci\u00f3n y el Senado de Catamarca, y ser\u00e1 dictado por el bombero voluntario del cuartel de Valle Viejo, el t\u00e9cnico en enfermer\u00eda, Juan Antonio P\u00e9rez.<\/p>\n<p>El cronograma, que se realizar\u00e1 en dos d\u00edas en el sal\u00f3n de interpretaci\u00f3n del Predio Ferial Catamarca, tiene previsto para el d\u00eda martes 5 de diciembre de 8:30 a 13 horas, la capacitaci\u00f3n para prestadores de servicios tur\u00edsticos, en tanto que el d\u00eda mi\u00e9rcoles 6 de diciembre se capacitar\u00e1 a los empleados del Ministerio de Cultura, Turismo y Deporte en mismo horario y lugar.<\/p>\n<p>Adem\u00e1s, el curso est\u00e1 dirigido a los aspirantes a Gu\u00edas Tur\u00edsticos, ya que es uno de los requisitos indispensables solicitados por la Direcci\u00f3n de Calidad Tur\u00edstica obtener la certificaci\u00f3n habilitante en primeros auxilios.<\/p>\n<p>La inscripci\u00f3n, gratuita y con cupos limitados, se podr\u00e1 realizar hasta este jueves 30 de noviembre en el link\u00a0<a href=\"https:\/\/forms.gle\/8ggfK9Js6QdgmZQF6\" target=\"_blank\" rel=\"noopener\" data-saferedirecturl=\"https:\/\/www.google.com\/url?q=https:\/\/forms.gle\/8ggfK9Js6QdgmZQF6&amp;source=gmail&amp;ust=1701258419079000&amp;usg=AOvVaw0VgEnxTP1ub-7St_p2FPie\">https:\/\/forms.gle\/8ggfK9Js6QdgmZQF6<\/a><\/p>\n<p>La formaci\u00f3n en RCP adem\u00e1s de ense\u00f1ar a responder correctamente durante una emergencia m\u00e9dica, tambi\u00e9n ense\u00f1a a realizar ciertas tareas que pueden ser necesarias antes que llegue la ayuda, incluyendo el despeje de la v\u00eda a\u00e9rea, aprender los pasos para una reanimaci\u00f3n inmediata que pueden marcar una gran diferencia en las vidas de las personas.<\/p>\n<p>Adem\u00e1s, el curso incluir\u00e1 temas referidos a las convulsiones, maniobra de Heimlich (para casos de atragantamientos), heridas\u00a0y\u00a0quemaduras.<\/p>\n","protected":false},"excerpt":{"rendered":"<p>El Ministerio de Cultura, Turismo y Deporte realizar\u00e1 una capacitaci\u00f3n sobre primeros auxilios y reanimaci\u00f3n cardiopulmonar (RCP) para prestadores tur\u00edsticos,<\/p>\n","protected":false},"author":1,"featured_media":9964,"comment_status":"closed","ping_status":"closed","sticky":false,"template":"","format":"standard","meta":{"footnotes":"","jetpack_publicize_message":"","jetpack_publicize_feature_enabled":true,"jetpack_social_post_already_shared":true,"jetpack_social_options":{"image_generator_settings":{"template":"highway","enabled":false},"version":2}},"categories":[2],"tags":[],"class_list":["post-9963","post","type-post","status-publish","format-standard","has-post-thumbnail","hentry","category-locales"],"jetpack_publicize_connections":[],"_links":{"self":[{"href":"https:\/\/diariorepublica.com.ar\/web\/index.php\/wp-json\/wp\/v2\/posts\/9963"}],"collection":[{"href":"https:\/\/diariorepublica.com.ar\/web\/index.php\/wp-json\/wp\/v2\/posts"}],"about":[{"href":"https:\/\/diariorepublica.com.ar\/web\/index.php\/wp-json\/wp\/v2\/types\/post"}],"author":[{"embeddable":true,"href":"https:\/\/diariorepublica.com.ar\/web\/index.php\/wp-json\/wp\/v2\/users\/1"}],"replies":[{"embeddable":true,"href":"https:\/\/diariorepublica.com.ar\/web\/index.php\/wp-json\/wp\/v2\/comments?post=9963"}],"version-history":[{"count":1,"href":"https:\/\/diariorepublica.com.ar\/web\/index.php\/wp-json\/wp\/v2\/posts\/9963\/revisions"}],"predecessor-version":[{"id":9965,"href":"https:\/\/diariorepublica.com.ar\/web\/index.php\/wp-json\/wp\/v2\/posts\/9963\/revisions\/9965"}],"wp:featuredmedia":[{"embeddable":true,"href":"https:\/\/diariorepublica.com.ar\/web\/index.php\/wp-json\/wp\/v2\/media\/9964"}],"wp:attachment":[{"href":"https:\/\/diariorepublica.com.ar\/web\/index.php\/wp-json\/wp\/v2\/media?parent=9963"}],"wp:term":[{"taxonomy":"category","embeddable":true,"href":"https:\/\/diariorepublica.com.ar\/web\/index.php\/wp-json\/wp\/v2\/categories?post=9963"},{"taxonomy":"post_tag","embeddable":true,"href":"https:\/\/diariorepublica.com.ar\/web\/index.php\/wp-json\/wp\/v2\/tags?post=9963"}],"curies":[{"name":"wp","href":"https:\/\/api.w.org\/{rel}","templated":true}]}}