{"id":9966,"date":"2023-11-28T09:50:13","date_gmt":"2023-11-28T12:50:13","guid":{"rendered":"https:\/\/diariorepublica.com.ar\/web\/?p=9966"},"modified":"2023-11-28T09:50:15","modified_gmt":"2023-11-28T12:50:15","slug":"dengue-cronograma-semanal-2","status":"publish","type":"post","link":"https:\/\/diariorepublica.com.ar\/web\/index.php\/sociedad\/2023\/11\/28\/dengue-cronograma-semanal-2\/","title":{"rendered":"Dengue: cronograma semanal"},"content":{"rendered":"<p>El Ministerio de Salud de la provincia trabaja todo el a\u00f1o en diferentes acciones de prevenci\u00f3n, para evitar la proliferaci\u00f3n del Aedes Aegypti en los hogares, y eliminar posibles criaderos del mosquito transmisor de Dengue, Zika y Chikungunya.<\/p>\n<p>Desde el lunes 27 de noviembre al viernes 1 de diciembre, de 8 a 12 horas, la Direcci\u00f3n de Control Integral de Vectores y Zoonosis junto a la Secretar\u00eda de Salud, Desarrollo Humano y Pol\u00edticas Sociales de la Municipalidad de la Capital, dar\u00e1 inicio a las acciones en el per\u00edmetro de la procesi\u00f3n de la Virgen del Valle, desde Plaza del Maestro, Av. Virgen del Valle esquina Av. Belgrano, continuando por Av. Virgen del Valle hasta Plaza La Alameda, y luego por calle San Martin hasta la Catedral Bas\u00edlica.<\/p>\n<p>Adem\u00e1s, se realizar\u00e1 eliminaci\u00f3n de inservibles (descacharrado) el d\u00eda s\u00e1bado 2, de 8 a 12 horas, en el per\u00edmetro de la procesi\u00f3n de la Virgen del Valle. Y por la tarde, de 15 a 19 horas, en el B\u00b0 Santa Marta.<\/p>\n","protected":false},"excerpt":{"rendered":"<p>El Ministerio de Salud de la provincia trabaja todo el a\u00f1o en diferentes acciones de prevenci\u00f3n, para evitar la proliferaci\u00f3n<\/p>\n","protected":false},"author":1,"featured_media":9967,"comment_status":"closed","ping_status":"closed","sticky":false,"template":"","format":"standard","meta":{"footnotes":"","jetpack_publicize_message":"","jetpack_publicize_feature_enabled":true,"jetpack_social_post_already_shared":true,"jetpack_social_options":{"image_generator_settings":{"template":"highway","enabled":false},"version":2}},"categories":[3],"tags":[],"class_list":["post-9966","post","type-post","status-publish","format-standard","has-post-thumbnail","hentry","category-sociedad"],"jetpack_publicize_connections":[],"_links":{"self":[{"href":"https:\/\/diariorepublica.com.ar\/web\/index.php\/wp-json\/wp\/v2\/posts\/9966"}],"collection":[{"href":"https:\/\/diariorepublica.com.ar\/web\/index.php\/wp-json\/wp\/v2\/posts"}],"about":[{"href":"https:\/\/diariorepublica.com.ar\/web\/index.php\/wp-json\/wp\/v2\/types\/post"}],"author":[{"embeddable":true,"href":"https:\/\/diariorepublica.com.ar\/web\/index.php\/wp-json\/wp\/v2\/users\/1"}],"replies":[{"embeddable":true,"href":"https:\/\/diariorepublica.com.ar\/web\/index.php\/wp-json\/wp\/v2\/comments?post=9966"}],"version-history":[{"count":1,"href":"https:\/\/diariorepublica.com.ar\/web\/index.php\/wp-json\/wp\/v2\/posts\/9966\/revisions"}],"predecessor-version":[{"id":9968,"href":"https:\/\/diariorepublica.com.ar\/web\/index.php\/wp-json\/wp\/v2\/posts\/9966\/revisions\/9968"}],"wp:featuredmedia":[{"embeddable":true,"href":"https:\/\/diariorepublica.com.ar\/web\/index.php\/wp-json\/wp\/v2\/media\/9967"}],"wp:attachment":[{"href":"https:\/\/diariorepublica.com.ar\/web\/index.php\/wp-json\/wp\/v2\/media?parent=9966"}],"wp:term":[{"taxonomy":"category","embeddable":true,"href":"https:\/\/diariorepublica.com.ar\/web\/index.php\/wp-json\/wp\/v2\/categories?post=9966"},{"taxonomy":"post_tag","embeddable":true,"href":"https:\/\/diariorepublica.com.ar\/web\/index.php\/wp-json\/wp\/v2\/tags?post=9966"}],"curies":[{"name":"wp","href":"https:\/\/api.w.org\/{rel}","templated":true}]}}