{"id":9969,"date":"2023-11-28T09:51:32","date_gmt":"2023-11-28T12:51:32","guid":{"rendered":"https:\/\/diariorepublica.com.ar\/web\/?p=9969"},"modified":"2023-11-28T09:51:33","modified_gmt":"2023-11-28T12:51:33","slug":"semana-mundial-del-vih-actividades-de-prevencion-y-sensibilizacion","status":"publish","type":"post","link":"https:\/\/diariorepublica.com.ar\/web\/index.php\/sociedad\/2023\/11\/28\/semana-mundial-del-vih-actividades-de-prevencion-y-sensibilizacion\/","title":{"rendered":"Semana Mundial del VIH: actividades de prevenci\u00f3n y sensibilizaci\u00f3n"},"content":{"rendered":"<p>Como cada 1 de diciembre, el Ministerio de Salud de la Provincia adhiere al D\u00eda Mundial del VIH, que tiene como objetivo recordar a las v\u00edctimas de la epidemia, reforzar el compromiso de las organizaciones gubernamentales y no gubernamentales en las acciones para detener la epidemia, y convocar a la poblaci\u00f3n en general a reflexionar sobre la importancia del autocuidado y conocer su estado serol\u00f3gico.<\/p>\n<p>Este a\u00f1o, bajo el lema \u201c<em>Que lideren las comunidades<\/em>\u201d, se pone el foco en que el cambio no depende de un momento, sino de un movimiento.<\/p>\n<p>En este marco, el Centro \u00danico de Referencia llevar\u00e1 a cabo actividades de sensibilizaci\u00f3n, concientizaci\u00f3n y prevenci\u00f3n del VIH, desde el lunes 27 de noviembre al martes 5 de diciembre.<\/p>\n<p><strong>Cronograma<\/strong><\/p>\n<p>&#8211;\u00a0\u00a0\u00a0\u00a0\u00a0\u00a0\u00a0\u00a0\u00a0\u00a0Del 27 de noviembre al 1 de diciembre<\/p>\n<p>Testeo r\u00e1pido de VIH y S\u00edfilis, de 9 a 12.30hs. en Casa de la Cultura (San Mart\u00edn 533), y de 18 a 21hs. en Plaza La Alameda.<\/p>\n<p>&#8211;\u00a0\u00a0\u00a0\u00a0\u00a0\u00a0\u00a0\u00a0\u00a0\u00a028 de noviembre<\/p>\n<p>Capacitaci\u00f3n sobre Prevenci\u00f3n Combinada de VIH (PEP), en Maternidad Provincial 25 de Mayo, a las 9hs.<\/p>\n<p>&#8211;\u00a0\u00a0\u00a0\u00a0\u00a0\u00a0\u00a0\u00a0\u00a0\u00a01 de diciembre<\/p>\n<p>Charla abierta a la comunidad sobre Prevenci\u00f3n Combinada de VIH, desde una perspectiva de G\u00e9nero, Sexualidad y Derechos, en Punto Violeta (Sarmiento 365) de la Secretar\u00eda de la Mujeres, G\u00e9nero y Diversidad de la Municipalidad de la Capital, a las 9hs.<\/p>\n<p>&#8211;\u00a0\u00a0\u00a0\u00a0\u00a0\u00a0\u00a0\u00a0\u00a0\u00a05 de diciembre<\/p>\n<p>Taller de prevenci\u00f3n de VIH e ITS y jornada de testeos de VIH, en el Sindicato de Camioneros de Catamarca (Rivadavia 292), a las 18hs.<\/p>\n<p>Adem\u00e1s, se realizar\u00e1n distintas actividades de promoci\u00f3n y testeos en Caps y hospitales de Capital e interior provincial.<\/p>\n","protected":false},"excerpt":{"rendered":"<p>Como cada 1 de diciembre, el Ministerio de Salud de la Provincia adhiere al D\u00eda Mundial del VIH, que tiene<\/p>\n","protected":false},"author":1,"featured_media":9970,"comment_status":"closed","ping_status":"closed","sticky":false,"template":"","format":"standard","meta":{"footnotes":"","jetpack_publicize_message":"","jetpack_publicize_feature_enabled":true,"jetpack_social_post_already_shared":true,"jetpack_social_options":{"image_generator_settings":{"template":"highway","enabled":false},"version":2}},"categories":[3],"tags":[],"class_list":["post-9969","post","type-post","status-publish","format-standard","has-post-thumbnail","hentry","category-sociedad"],"jetpack_publicize_connections":[],"_links":{"self":[{"href":"https:\/\/diariorepublica.com.ar\/web\/index.php\/wp-json\/wp\/v2\/posts\/9969"}],"collection":[{"href":"https:\/\/diariorepublica.com.ar\/web\/index.php\/wp-json\/wp\/v2\/posts"}],"about":[{"href":"https:\/\/diariorepublica.com.ar\/web\/index.php\/wp-json\/wp\/v2\/types\/post"}],"author":[{"embeddable":true,"href":"https:\/\/diariorepublica.com.ar\/web\/index.php\/wp-json\/wp\/v2\/users\/1"}],"replies":[{"embeddable":true,"href":"https:\/\/diariorepublica.com.ar\/web\/index.php\/wp-json\/wp\/v2\/comments?post=9969"}],"version-history":[{"count":1,"href":"https:\/\/diariorepublica.com.ar\/web\/index.php\/wp-json\/wp\/v2\/posts\/9969\/revisions"}],"predecessor-version":[{"id":9971,"href":"https:\/\/diariorepublica.com.ar\/web\/index.php\/wp-json\/wp\/v2\/posts\/9969\/revisions\/9971"}],"wp:featuredmedia":[{"embeddable":true,"href":"https:\/\/diariorepublica.com.ar\/web\/index.php\/wp-json\/wp\/v2\/media\/9970"}],"wp:attachment":[{"href":"https:\/\/diariorepublica.com.ar\/web\/index.php\/wp-json\/wp\/v2\/media?parent=9969"}],"wp:term":[{"taxonomy":"category","embeddable":true,"href":"https:\/\/diariorepublica.com.ar\/web\/index.php\/wp-json\/wp\/v2\/categories?post=9969"},{"taxonomy":"post_tag","embeddable":true,"href":"https:\/\/diariorepublica.com.ar\/web\/index.php\/wp-json\/wp\/v2\/tags?post=9969"}],"curies":[{"name":"wp","href":"https:\/\/api.w.org\/{rel}","templated":true}]}}