{"id":9980,"date":"2023-11-28T11:44:24","date_gmt":"2023-11-28T14:44:24","guid":{"rendered":"https:\/\/diariorepublica.com.ar\/web\/?p=9980"},"modified":"2023-11-28T11:44:25","modified_gmt":"2023-11-28T14:44:25","slug":"la-justicia-suspendio-las-elecciones-en-boca","status":"publish","type":"post","link":"https:\/\/diariorepublica.com.ar\/web\/index.php\/deportes\/2023\/11\/28\/la-justicia-suspendio-las-elecciones-en-boca\/","title":{"rendered":"La Justicia suspendi\u00f3 las elecciones en Boca"},"content":{"rendered":"<p>La Justicia orden\u00f3 la suspensi\u00f3n de las elecciones en Boca, que estaban previstas para el domingo pr\u00f3ximo, por irregularidades en el padr\u00f3n debido al traspaso de alrededor de 13 mil socios adherentes a la categor\u00eda de activos.<\/p>\n<p>En las elecciones institucionales del \u00abXeneize\u00bb se enfrentan dos listas: la del oficialismo, encabezada por Juan Rom\u00e1n Riquelme y Jorge Ameal, y la opositora conformada por Andr\u00e9s Ibarra y Mauricio Macri, que fue la que realiz\u00f3 la presentaci\u00f3n que desencaden\u00f3 el fallo de la jueza Alejandra D\u00e9bora Abrevaya.<\/p>\n<p>\u00abEn los meses de agosto, septiembre, octubre y noviembre de 2021, pasaron a categor\u00edas activos y activas un total de 10.502 socios, mientras que en esos meses se dieron de baja de las categor\u00edas activos y activas un total de 14, en una desproporci\u00f3n ostensible entre una y otra categor\u00eda\u00bb, indica la resoluci\u00f3n del Juzgado Civil N\u00b0 11.<\/p>\n<p>Sumados los socios del exterior e interior, en ese per\u00edodo de tiempo fueron 13.364 los que pasaron a activos, al tiempo que no se respet\u00f3 \u00abel recaudo de cronolog\u00eda y antig\u00fcedad\u00bb dispuesto por el estatuto del club.<\/p>\n<p>De esta manera, el escrito indica que \u00abaparece un n\u00famero por dem\u00e1s significativo de irregularidades que no podr\u00edan ubicarse bajo el paraguas de decisiones de resorte propio y discrecional de la Comisi\u00f3n Directiva, ya que existir\u00eda un margen establecido\u00bb.<\/p>\n<p>Por ese motivo, la Justicia resolvi\u00f3 la suspensi\u00f3n hasta que se lleve a cabo una depuraci\u00f3n del padr\u00f3n, por lo que los comicios no se celebrar\u00e1n este domingo en la Bombonera como estaba previsto luego de la postergaci\u00f3n determinada d\u00edas atr\u00e1s, ya que en un principio se iban a realizar el s\u00e1bado 2 de diciembre.<\/p>\n","protected":false},"excerpt":{"rendered":"<p>La Justicia orden\u00f3 la suspensi\u00f3n de las elecciones en Boca, que estaban previstas para el domingo pr\u00f3ximo, por irregularidades en<\/p>\n","protected":false},"author":1,"featured_media":9981,"comment_status":"closed","ping_status":"closed","sticky":false,"template":"","format":"standard","meta":{"footnotes":"","jetpack_publicize_message":"","jetpack_publicize_feature_enabled":true,"jetpack_social_post_already_shared":true,"jetpack_social_options":{"image_generator_settings":{"template":"highway","enabled":false},"version":2}},"categories":[9],"tags":[],"class_list":["post-9980","post","type-post","status-publish","format-standard","has-post-thumbnail","hentry","category-deportes"],"jetpack_publicize_connections":[],"_links":{"self":[{"href":"https:\/\/diariorepublica.com.ar\/web\/index.php\/wp-json\/wp\/v2\/posts\/9980"}],"collection":[{"href":"https:\/\/diariorepublica.com.ar\/web\/index.php\/wp-json\/wp\/v2\/posts"}],"about":[{"href":"https:\/\/diariorepublica.com.ar\/web\/index.php\/wp-json\/wp\/v2\/types\/post"}],"author":[{"embeddable":true,"href":"https:\/\/diariorepublica.com.ar\/web\/index.php\/wp-json\/wp\/v2\/users\/1"}],"replies":[{"embeddable":true,"href":"https:\/\/diariorepublica.com.ar\/web\/index.php\/wp-json\/wp\/v2\/comments?post=9980"}],"version-history":[{"count":1,"href":"https:\/\/diariorepublica.com.ar\/web\/index.php\/wp-json\/wp\/v2\/posts\/9980\/revisions"}],"predecessor-version":[{"id":9982,"href":"https:\/\/diariorepublica.com.ar\/web\/index.php\/wp-json\/wp\/v2\/posts\/9980\/revisions\/9982"}],"wp:featuredmedia":[{"embeddable":true,"href":"https:\/\/diariorepublica.com.ar\/web\/index.php\/wp-json\/wp\/v2\/media\/9981"}],"wp:attachment":[{"href":"https:\/\/diariorepublica.com.ar\/web\/index.php\/wp-json\/wp\/v2\/media?parent=9980"}],"wp:term":[{"taxonomy":"category","embeddable":true,"href":"https:\/\/diariorepublica.com.ar\/web\/index.php\/wp-json\/wp\/v2\/categories?post=9980"},{"taxonomy":"post_tag","embeddable":true,"href":"https:\/\/diariorepublica.com.ar\/web\/index.php\/wp-json\/wp\/v2\/tags?post=9980"}],"curies":[{"name":"wp","href":"https:\/\/api.w.org\/{rel}","templated":true}]}}