{"id":9989,"date":"2023-11-28T16:45:00","date_gmt":"2023-11-28T19:45:00","guid":{"rendered":"https:\/\/diariorepublica.com.ar\/web\/?p=9989"},"modified":"2023-11-28T17:46:56","modified_gmt":"2023-11-28T20:46:56","slug":"el-papa-suspendio-su-viaje-a-la-cop28-de-dubai-por-consejo-de-sus-medicos","status":"publish","type":"post","link":"https:\/\/diariorepublica.com.ar\/web\/index.php\/internacionales\/2023\/11\/28\/el-papa-suspendio-su-viaje-a-la-cop28-de-dubai-por-consejo-de-sus-medicos\/","title":{"rendered":"El Papa suspendi\u00f3 su viaje a la COP28 de Dub\u00e1i por consejo de sus m\u00e9dicos"},"content":{"rendered":"<article id=\"article-post\" class=\"first\">\n<div class=\"cuerpo\" data-twitter-link=\"https:\/\/twitter.com\/intent\/tweet?url=https:\/\/www.diariopopular.com.ar\/c757491&amp;via=poopulardiario&amp;related=Popular&amp;text=\">\n<p>El papa Francisco suspendi\u00f3 este martes el viaje de tres d\u00edas que iba a hacer el viernes a Dub\u00e1i, ciudad ubicada en Emiratos \u00c1rabes Unidos, para participar de la cumbre clim\u00e1tica COP28, tras el pedido de los m\u00e9dicos para que cancele su visita luego de la\u00a0<strong>inflamaci\u00f3n pulmonar que le aquej\u00f3 este fin de semana<\/strong>.<\/p>\n<\/div>\n<\/article>\n<article id=\"article-post\">\n<div class=\"cuerpo\" data-twitter-link=\"https:\/\/twitter.com\/intent\/tweet?url=https:\/\/www.diariopopular.com.ar\/c757491&amp;via=poopulardiario&amp;related=Popular&amp;text=\">\n<p>\u00abAunque el cuadro cl\u00ednico general del Santo Padre en relaci\u00f3n a su estado gripal y la inflamaci\u00f3n de las v\u00edas respiratorias ha mejorado, los m\u00e9dicos pidieron al Papa que no realizara el viaje previsto para los pr\u00f3ximos d\u00edas a Dubai, con motivo de la 28\u00aa Conferencia de las Partes para Convenci\u00f3n Marco de las Naciones Unidas sobre el Cambio Clim\u00e1tico\u00bb, inform\u00f3 Matteo Bruni, vocero papal.<\/p>\n<p>El Papa, quien cumplir\u00e1 87 a\u00f1os el pr\u00f3ximo 17 de diciembre, tuvo que suspender parte de su agenda el fin de semana por una inflamaci\u00f3n que incluso\u00a0<strong>le impidi\u00f3 recitar el tradicional \u00c1ngelus dominical desde el Palacio Apost\u00f3lico<\/strong>. \u00abFrancisco acept\u00f3 con gran pesar el pedido de los m\u00e9dicos y por eso el viaje est\u00e1 cancelado\u00bb, agreg\u00f3 Bruni, quien precis\u00f3 que \u00abcontin\u00faa la voluntad del Papa y de la Santa Sede de ser parte de las discusiones en curso y en los pr\u00f3ximos d\u00edas se definir\u00e1n lo antes posible las formas en que esto se podr\u00e1 implementar\u00bb.<\/p>\n<p>El Sumo Pont\u00edfice ten\u00eda previsto ir este viernes a Dub\u00e1i para una visita de 38 horas durante la que iba a participar de la\u00a0<strong>cumbre clim\u00e1tica COP28<\/strong>\u00a0e iba a mantener cerca de 30 encuentros bilaterales con mandatarios de todo el mundo y representantes de la sociedad civil.<\/p>\n<div id=\"embed6_wrap\" class=\"embed_cont type_freetext\" contenteditable=\"false\">\n<div id=\"embed6_content\" class=\"embed_content\">\n<div id=\"embed6_embed\">\n<div class=\"twitter-tweet twitter-tweet-rendered\"><iframe id=\"twitter-widget-0\" class=\"\" title=\"Twitter Tweet\" src=\"https:\/\/platform.twitter.com\/embed\/Tweet.html?creatorScreenName=diariopopular&amp;dnt=false&amp;embedId=twitter-widget-0&amp;features=eyJ0ZndfdGltZWxpbmVfbGlzdCI6eyJidWNrZXQiOltdLCJ2ZXJzaW9uIjpudWxsfSwidGZ3X2ZvbGxvd2VyX2NvdW50X3N1bnNldCI6eyJidWNrZXQiOnRydWUsInZlcnNpb24iOm51bGx9LCJ0ZndfdHdlZXRfZWRpdF9iYWNrZW5kIjp7ImJ1Y2tldCI6Im9uIiwidmVyc2lvbiI6bnVsbH0sInRmd19yZWZzcmNfc2Vzc2lvbiI6eyJidWNrZXQiOiJvbiIsInZlcnNpb24iOm51bGx9LCJ0ZndfZm9zbnJfc29mdF9pbnRlcnZlbnRpb25zX2VuYWJsZWQiOnsiYnVja2V0Ijoib24iLCJ2ZXJzaW9uIjpudWxsfSwidGZ3X21peGVkX21lZGlhXzE1ODk3Ijp7ImJ1Y2tldCI6InRyZWF0bWVudCIsInZlcnNpb24iOm51bGx9LCJ0ZndfZXhwZXJpbWVudHNfY29va2llX2V4cGlyYXRpb24iOnsiYnVja2V0IjoxMjA5NjAwLCJ2ZXJzaW9uIjpudWxsfSwidGZ3X3Nob3dfYmlyZHdhdGNoX3Bpdm90c19lbmFibGVkIjp7ImJ1Y2tldCI6Im9uIiwidmVyc2lvbiI6bnVsbH0sInRmd19kdXBsaWNhdGVfc2NyaWJlc190b19zZXR0aW5ncyI6eyJidWNrZXQiOiJvbiIsInZlcnNpb24iOm51bGx9LCJ0ZndfdXNlX3Byb2ZpbGVfaW1hZ2Vfc2hhcGVfZW5hYmxlZCI6eyJidWNrZXQiOiJvbiIsInZlcnNpb24iOm51bGx9LCJ0ZndfdmlkZW9faGxzX2R5bmFtaWNfbWFuaWZlc3RzXzE1MDgyIjp7ImJ1Y2tldCI6InRydWVfYml0cmF0ZSIsInZlcnNpb24iOm51bGx9LCJ0ZndfbGVnYWN5X3RpbWVsaW5lX3N1bnNldCI6eyJidWNrZXQiOnRydWUsInZlcnNpb24iOm51bGx9LCJ0ZndfdHdlZXRfZWRpdF9mcm9udGVuZCI6eyJidWNrZXQiOiJvbiIsInZlcnNpb24iOm51bGx9fQ%3D%3D&amp;frame=false&amp;hideCard=false&amp;hideThread=false&amp;id=1729582342233031034&amp;lang=en&amp;origin=https%3A%2F%2Fwww.diariopopular.com.ar%2Finternacionales%2Fel-papa-suspendio-su-viaje-la-cop28-dubai-consejo-sus-medicos-n757491&amp;sessionId=cb9acf06b9fb66e7dc70d1579b3cdb07c7bdd81f&amp;siteScreenName=diariopopular&amp;theme=light&amp;widgetsVersion=01917f4d1d4cb%3A1696883169554&amp;width=550px\" frameborder=\"0\" scrolling=\"no\" allowfullscreen=\"allowfullscreen\" data-tweet-id=\"1729582342233031034\" data-gtm-yt-inspected-11=\"true\" data-mce-fragment=\"1\"><\/iframe><\/div>\n<\/div>\n<\/div>\n<div id=\"embed6_epigrafe\" class=\"embed_epigrafe\"><\/div>\n<div id=\"embed6_copyright\" class=\"embed_copyright\"><\/div>\n<\/div>\n<p>La\u00a0<strong>Conferencia de las Naciones Unidas sobre el Cambio Clim\u00e1tico<\/strong>, m\u00e1s conocida como COP, se iniciar\u00e1 este jueves con una agenda que se centrar\u00e1 en la financiaci\u00f3n y las energ\u00edas f\u00f3siles, cuyo uso masivo empuja a la humanidad hacia nuevos precipicios clim\u00e1ticos.<\/p>\n<p>En la reuni\u00f3n, que es la n\u00famero 28 desde que comenzaron las COP y que busca avances en la reducci\u00f3n de emisiones como forma de cumplir con objetivos de moderado calentamiento global alcanzados en Par\u00eds en 2015,\u00a0<strong>se espera la participaci\u00f3n de unas 70.000 personas y representantes de 200 gobiernos<\/strong>.<\/p>\n<\/div>\n<\/article>\n","protected":false},"excerpt":{"rendered":"<p>El papa Francisco suspendi\u00f3 este martes el viaje de tres d\u00edas que iba a hacer el viernes a Dub\u00e1i, ciudad<\/p>\n","protected":false},"author":1,"featured_media":9990,"comment_status":"closed","ping_status":"closed","sticky":false,"template":"","format":"standard","meta":{"footnotes":"","jetpack_publicize_message":"","jetpack_publicize_feature_enabled":true,"jetpack_social_post_already_shared":true,"jetpack_social_options":{"image_generator_settings":{"template":"highway","enabled":false},"version":2}},"categories":[6],"tags":[],"class_list":["post-9989","post","type-post","status-publish","format-standard","has-post-thumbnail","hentry","category-internacionales"],"jetpack_publicize_connections":[],"_links":{"self":[{"href":"https:\/\/diariorepublica.com.ar\/web\/index.php\/wp-json\/wp\/v2\/posts\/9989"}],"collection":[{"href":"https:\/\/diariorepublica.com.ar\/web\/index.php\/wp-json\/wp\/v2\/posts"}],"about":[{"href":"https:\/\/diariorepublica.com.ar\/web\/index.php\/wp-json\/wp\/v2\/types\/post"}],"author":[{"embeddable":true,"href":"https:\/\/diariorepublica.com.ar\/web\/index.php\/wp-json\/wp\/v2\/users\/1"}],"replies":[{"embeddable":true,"href":"https:\/\/diariorepublica.com.ar\/web\/index.php\/wp-json\/wp\/v2\/comments?post=9989"}],"version-history":[{"count":1,"href":"https:\/\/diariorepublica.com.ar\/web\/index.php\/wp-json\/wp\/v2\/posts\/9989\/revisions"}],"predecessor-version":[{"id":9991,"href":"https:\/\/diariorepublica.com.ar\/web\/index.php\/wp-json\/wp\/v2\/posts\/9989\/revisions\/9991"}],"wp:featuredmedia":[{"embeddable":true,"href":"https:\/\/diariorepublica.com.ar\/web\/index.php\/wp-json\/wp\/v2\/media\/9990"}],"wp:attachment":[{"href":"https:\/\/diariorepublica.com.ar\/web\/index.php\/wp-json\/wp\/v2\/media?parent=9989"}],"wp:term":[{"taxonomy":"category","embeddable":true,"href":"https:\/\/diariorepublica.com.ar\/web\/index.php\/wp-json\/wp\/v2\/categories?post=9989"},{"taxonomy":"post_tag","embeddable":true,"href":"https:\/\/diariorepublica.com.ar\/web\/index.php\/wp-json\/wp\/v2\/tags?post=9989"}],"curies":[{"name":"wp","href":"https:\/\/api.w.org\/{rel}","templated":true}]}}